{"id":84,"date":"2009-11-01T14:18:27","date_gmt":"2009-11-01T14:18:27","guid":{"rendered":"http:\/\/mark.leidsprojectkoor.nl\/?p=84"},"modified":"2017-08-22T12:06:04","modified_gmt":"2017-08-22T12:06:04","slug":"komm-komm","status":"publish","type":"post","link":"https:\/\/www.leidsprojectkoor.nl\/?p=84","title":{"rendered":"Komm, komm!"},"content":{"rendered":"<p>Komm, komm!<\/p>\n<p>Het Leids Projec<a href=\"https:\/\/www.leidsprojectkoor.nl\/wp-content\/uploads\/2008\/10\/poster-LPK36klein.jpg\"><img loading=\"lazy\" decoding=\"async\" class=\"size-medium wp-image-745 alignright\" src=\"https:\/\/www.leidsprojectkoor.nl\/wp-content\/uploads\/2008\/10\/poster-LPK36klein-213x300.jpg\" alt=\"\" width=\"213\" height=\"300\" srcset=\"https:\/\/www.leidsprojectkoor.nl\/wp-content\/uploads\/2008\/10\/poster-LPK36klein-213x300.jpg 213w, https:\/\/www.leidsprojectkoor.nl\/wp-content\/uploads\/2008\/10\/poster-LPK36klein-400x563.jpg 400w, https:\/\/www.leidsprojectkoor.nl\/wp-content\/uploads\/2008\/10\/poster-LPK36klein-768x1080.jpg 768w, https:\/\/www.leidsprojectkoor.nl\/wp-content\/uploads\/2008\/10\/poster-LPK36klein-728x1024.jpg 728w, https:\/\/www.leidsprojectkoor.nl\/wp-content\/uploads\/2008\/10\/poster-LPK36klein-624x878.jpg 624w, https:\/\/www.leidsprojectkoor.nl\/wp-content\/uploads\/2008\/10\/poster-LPK36klein-960x1350.jpg 960w, https:\/\/www.leidsprojectkoor.nl\/wp-content\/uploads\/2008\/10\/poster-LPK36klein.jpg 1498w\" sizes=\"auto, (max-width: 213px) 85vw, 213px\" \/><\/a>tkoor onder leiding van dirigent Gijs Leenaars presenteert een tweeluik van Duitse koormuziek: de 17<sup>de<\/sup> eeuwse motetten van Heinrich Sch\u00fctz en de 18<sup>de<\/sup> eeuwse motetten van Johann Sebastian Bach worden gespiegeld aan de moderne a cappella composities van Sch\u00f6nberg, Distler en Cerha.<\/p>\n<p>Voor de instrumentale ondersteuning zorgen J\u00f6rn Boysen, klavecinist, en Mar\u00eda S\u00e1nchez Ram\u00edrez, celliste.<\/p>\n<p><strong>Bach<\/strong> schreef zijn beroemde motetten waaronder<strong><em> Komm, Jesu, komm!<\/em><\/strong> als troost en bemoediging tijdens uitvaartdiensten: het zijn stuk voor stuk juweeltjes geworden waarvan er twee op het programma staan. In de dubbelkorige <strong><em>Psalmen Davids<\/em><\/strong> van <strong>Sch\u00fctz <\/strong>klinken zowel Venetiaanse als Nederlandse muzikale invloeden: Sch\u00fctz reisde door Europa op zoek naar nieuwe muzikale impulsen. <strong>Sch\u00f6nberg<\/strong> ontleende <strong><em>Drei Volkslieder<\/em><\/strong> uit de 15<sup>de<\/sup> en 16<sup>de<\/sup> eeuw en schreef er arrangementen voor. Officieel was hij in die tijd (eind twintiger jaren) nog Oostenrijker maar woonde inmiddels in Berlijn. <strong>Friedrich Cerha<\/strong> (geboren 1926) is ook van Oostenrijkse origine en heeft het grootste deel van zijn muzikale carri\u00e8re in Wenen gewerkt. De <strong><em>4 H\u00f6lderlin-Fragmente <\/em><\/strong>schreef hij op teksten van de 17\/18<sup>de<\/sup> eeuwse dichter H\u00f6lderlin. De Duitse 20<sup>ste<\/sup> eeuwse componist <strong>Hugo Distler<\/strong> geldt als belangrijkste vernieuwer van de lutherse kerkmuziek na 1930. Ge\u00efnspireerd door de teksten van de 19<sup>de<\/sup> eeuwse dichter Eduard M\u00f6ricke componeerde Distler het driedelig <strong><em>M\u00f6ricke Chorliederbuch<\/em><\/strong>, \u00e9n hij dirigeerde zelf de wereldpremi\u00e8re in 1939 in het Oostenrijkse Graz.<\/p>\n<p>Komm, komm! op:<\/p>\n<p>Zaterdag 21 november 2009<br \/>\nLutherse Kerk, Hamburgerstraat 9, Utrecht<br \/>\nAanvang concert: 20.15 uur<\/p>\n<p>Zondag 22 november 2009<br \/>\nLokhorstkerk, Pieterskerkstraat 1, Leiden<br \/>\nAanvang concert: 15.00 uur<\/p>\n","protected":false},"excerpt":{"rendered":"<p>Komm, komm! Het Leids Projectkoor onder leiding van dirigent Gijs Leenaars presenteert een tweeluik van Duitse koormuziek: de 17de eeuwse motetten van Heinrich Sch\u00fctz en de 18de eeuwse motetten van Johann Sebastian Bach worden gespiegeld aan de moderne a cappella composities van Sch\u00f6nberg, Distler en Cerha. Voor de instrumentale ondersteuning zorgen J\u00f6rn Boysen, klavecinist, en &hellip; <a href=\"https:\/\/www.leidsprojectkoor.nl\/?p=84\" class=\"more-link\">Lees verder <span class=\"screen-reader-text\">&#8220;Komm, komm!&#8221;<\/span><\/a><\/p>\n","protected":false},"author":1,"featured_media":0,"comment_status":"closed","ping_status":"closed","sticky":false,"template":"","format":"standard","meta":{"footnotes":""},"categories":[4],"tags":[],"class_list":["post-84","post","type-post","status-publish","format-standard","hentry","category-eerder-uitgevoerde-projecten"],"_links":{"self":[{"href":"https:\/\/www.leidsprojectkoor.nl\/index.php?rest_route=\/wp\/v2\/posts\/84","targetHints":{"allow":["GET"]}}],"collection":[{"href":"https:\/\/www.leidsprojectkoor.nl\/index.php?rest_route=\/wp\/v2\/posts"}],"about":[{"href":"https:\/\/www.leidsprojectkoor.nl\/index.php?rest_route=\/wp\/v2\/types\/post"}],"author":[{"embeddable":true,"href":"https:\/\/www.leidsprojectkoor.nl\/index.php?rest_route=\/wp\/v2\/users\/1"}],"replies":[{"embeddable":true,"href":"https:\/\/www.leidsprojectkoor.nl\/index.php?rest_route=%2Fwp%2Fv2%2Fcomments&post=84"}],"version-history":[{"count":9,"href":"https:\/\/www.leidsprojectkoor.nl\/index.php?rest_route=\/wp\/v2\/posts\/84\/revisions"}],"predecessor-version":[{"id":749,"href":"https:\/\/www.leidsprojectkoor.nl\/index.php?rest_route=\/wp\/v2\/posts\/84\/revisions\/749"}],"wp:attachment":[{"href":"https:\/\/www.leidsprojectkoor.nl\/index.php?rest_route=%2Fwp%2Fv2%2Fmedia&parent=84"}],"wp:term":[{"taxonomy":"category","embeddable":true,"href":"https:\/\/www.leidsprojectkoor.nl\/index.php?rest_route=%2Fwp%2Fv2%2Fcategories&post=84"},{"taxonomy":"post_tag","embeddable":true,"href":"https:\/\/www.leidsprojectkoor.nl\/index.php?rest_route=%2Fwp%2Fv2%2Ftags&post=84"}],"curies":[{"name":"wp","href":"https:\/\/api.w.org\/{rel}","templated":true}]}}